{"id":789,"date":"2015-03-16T10:21:09","date_gmt":"2015-03-16T09:21:09","guid":{"rendered":"http:\/\/bcv.nuovimecenati.org\/?p=789"},"modified":"2019-09-17T18:06:23","modified_gmt":"2019-09-17T16:06:23","slug":"nicola-monti","status":"publish","type":"post","link":"https:\/\/www.nuovimecenati.org\/fr\/nicola-monti\/","title":{"rendered":"Nicola Monti"},"content":{"rendered":"<p><a title=\"Edison\" href=\"https:\/\/www.nuovimecenati.org\/fr\/edison-2\/\">EDISON<\/a><br \/>\n<strong>Administrateur d\u00e9l\u00e9gu\u00e9<\/strong><\/p>\n<p class=\"Default\"><i><span style=\"font-size: 11.0pt;\">Power Asset &amp; Engineering Exploration &amp; Production <\/span><\/i><\/p>\n<p>Monti est n\u00e9 \u00e0 Var\u00e8se le 6 juillet 1962. Apr\u00e8s avoir obtenu son Master en Ing\u00e9nierie Civile, sp\u00e9cialisation Hydraulique, \u00e0 l\u2019\u00c9cole polytechnique de Milan en 1989, il travaille\u00a0de 1989 \u00e0 1995\u00a0\u00e0 la Snam (entreprise italienne de transport de gaz naturel)\u00a0en occupant diff\u00e9rents\u00a0postes\u00a0au sein du d\u00e9partement du d\u00e9veloppement\u00a0des activit\u00e9s \u00e9trang\u00e8res\u00a0Infrastructures Gaz. De 1990 \u00e0 1993, il travaille en Argentine comme Directeur pour le march\u00e9 de l&rsquo;Am\u00e9rique du sud.<\/p>\n<p>De 1996 \u00e0 1998, il est Directeur r\u00e9gional du sud-est asiatique pour Ansaldo Energia, et est bas\u00e9 en Indon\u00e9sie et en Tha\u00eflande.<\/p>\n<p><span lang=\"FR\">Il\u00a0rejoint\u00a0EDISON en 1999 comme responsable du d\u00e9veloppement international. En 2007, il passe \u00e0 la division\u00a0<\/span><span lang=\"FR\">Exploration &amp; Production (E&amp;P) comme Directeur Adjoint<\/span><span lang=\"FR\">.\u00a0<\/span><span lang=\"FR\">En 2012 il devient responsable de la Division E&amp;P<\/span><span lang=\"FR\">\u00a0et entre\u00a0au\u00a0Comit\u00e9 ex\u00e9cutif d\u2019EDISON. En 2017 il devient aussi Vice-pr\u00e9sident ex\u00e9cutif de la division Power Asset et Engineering d\u2019EDISON.<\/span><\/p>\n<p>Depuis juillet 2019,\u00a0il est\u00a0Administrateur d\u00e9l\u00e9gu\u00e9 du Groupe\u00a0Edison.<\/p>\n","protected":false},"excerpt":{"rendered":"<p>EDISON Administrateur d\u00e9l\u00e9gu\u00e9 Power Asset &amp; Engineering Exploration &amp; Production Monti est n\u00e9 \u00e0 Var\u00e8se le 6 juillet 1962. Apr\u00e8s avoir obtenu son Master en Ing\u00e9nierie Civile, sp\u00e9cialisation Hydraulique, \u00e0 l\u2019\u00c9cole polytechnique de Milan en 1989, il travaille\u00a0de 1989 \u00e0 1995\u00a0\u00e0 la Snam (entreprise italienne de transport de gaz naturel)\u00a0en occupant diff\u00e9rents\u00a0postes\u00a0au sein du d\u00e9partement<a class=\"more-link\" href=\"https:\/\/www.nuovimecenati.org\/fr\/nicola-monti\/\">Continua<\/a><\/p>\n","protected":false},"author":18,"featured_media":4889,"comment_status":"closed","ping_status":"closed","sticky":false,"template":"","format":"standard","meta":{"_acf_changed":false,"footnotes":""},"categories":[15],"tags":[],"class_list":["post-789","post","type-post","status-publish","format-standard","has-post-thumbnail","hentry","category-senza-categoria"],"acf":[],"_links":{"self":[{"href":"https:\/\/www.nuovimecenati.org\/fr\/wp-json\/wp\/v2\/posts\/789","targetHints":{"allow":["GET"]}}],"collection":[{"href":"https:\/\/www.nuovimecenati.org\/fr\/wp-json\/wp\/v2\/posts"}],"about":[{"href":"https:\/\/www.nuovimecenati.org\/fr\/wp-json\/wp\/v2\/types\/post"}],"author":[{"embeddable":true,"href":"https:\/\/www.nuovimecenati.org\/fr\/wp-json\/wp\/v2\/users\/18"}],"replies":[{"embeddable":true,"href":"https:\/\/www.nuovimecenati.org\/fr\/wp-json\/wp\/v2\/comments?post=789"}],"version-history":[{"count":0,"href":"https:\/\/www.nuovimecenati.org\/fr\/wp-json\/wp\/v2\/posts\/789\/revisions"}],"wp:featuredmedia":[{"embeddable":true,"href":"https:\/\/www.nuovimecenati.org\/fr\/wp-json\/wp\/v2\/media\/4889"}],"wp:attachment":[{"href":"https:\/\/www.nuovimecenati.org\/fr\/wp-json\/wp\/v2\/media?parent=789"}],"wp:term":[{"taxonomy":"category","embeddable":true,"href":"https:\/\/www.nuovimecenati.org\/fr\/wp-json\/wp\/v2\/categories?post=789"},{"taxonomy":"post_tag","embeddable":true,"href":"https:\/\/www.nuovimecenati.org\/fr\/wp-json\/wp\/v2\/tags?post=789"}],"curies":[{"name":"wp","href":"https:\/\/api.w.org\/{rel}","templated":true}]}}