{"id":777,"date":"2015-03-16T10:18:14","date_gmt":"2015-03-16T09:18:14","guid":{"rendered":"http:\/\/bcv.nuovimecenati.org\/?p=777"},"modified":"2025-02-07T12:45:29","modified_gmt":"2025-02-07T11:45:29","slug":"alexander-keller","status":"publish","type":"post","link":"https:\/\/www.nuovimecenati.org\/fr\/alexander-keller\/","title":{"rendered":"Alexander Keller"},"content":{"rendered":"<p><a href=\"https:\/\/www.nuovimecenati.org\/fr\/chanel\/\">CHANEL<\/a><br \/>\n<strong>Conseiller<\/strong><\/p>\n<p><strong>Alexander Keller<\/strong> occupe le poste d\u2019Administrateur d\u00e9l\u00e9gu\u00e9 et Directeur g\u00e9n\u00e9ral chez CHANEL Italia depuis le 1er janvier 2025.<\/p>\n<p>A ce titre, il pr\u00e9side le comit\u00e9 ex\u00e9cutif de l\u2019entreprise et g\u00e8re les trois activit\u00e9s de la marque &#8211; Mode, Parfums et Beaut\u00e9, Joaillerie et Horlogerie &#8211; pour le march\u00e9 italien.<\/p>\n<p>Dipl\u00f4m\u00e9 en \u00e9conomie de l\u2019EBS Universit\u00e4t f\u00fcr Wirtschaft und Recht, il vante une carri\u00e8re de pr\u00e8s de treize ans au sein de la Maison.<\/p>\n<p>Il passe 3 ans \u00e0 Paris \u00e0 la Direction de la Division Mode Femme chez KENZO, poursuivant sa carri\u00e8re chez l\u2019Or\u00e9al, jusqu\u2019\u00e0 sa nomination en 2010 en tant que Senior Vice-President chez l\u2019Or\u00e9al Luxe au Canada.<\/p>\n<p>En 2012, il acc\u00e8de \u00e0 la Direction G\u00e9n\u00e9rale de CHANEL GmbH, filiale allemande de la Maison CHANEL, en la dirigeant pendant 12 ann\u00e9es et en \u00e9largissant sa leadership de Managing Director \u00e0 la r\u00e9gion du Nord-Est Europe \u00e0 partir de 2022.<\/p>\n<p>Dans le cadre de ses nouvelles responsabilit\u00e9s, Alexander s\u2019engage activement \u00e0 promouvoir les valeurs de la Maison CHANEL en Italie, avec passion et fiert\u00e9, soutenant l\u2019engagement de la Maison en faveur de l\u2019\u00e9mancipation des femmes et de la cr\u00e9ation artistique, fid\u00e8le \u00e0 l\u2019esprit de sa fondatrice, Gabrielle Chanel.<\/p>\n","protected":false},"excerpt":{"rendered":"<p>CHANEL Conseiller Alexander Keller occupe le poste d\u2019Administrateur d\u00e9l\u00e9gu\u00e9 et Directeur g\u00e9n\u00e9ral chez CHANEL Italia depuis le 1er janvier 2025. A ce titre, il pr\u00e9side le comit\u00e9 ex\u00e9cutif de l\u2019entreprise et g\u00e8re les trois activit\u00e9s de la marque &#8211; Mode, Parfums et Beaut\u00e9, Joaillerie et Horlogerie &#8211; pour le march\u00e9 italien. Dipl\u00f4m\u00e9 en \u00e9conomie de<a class=\"more-link\" href=\"https:\/\/www.nuovimecenati.org\/fr\/alexander-keller\/\">Continua<\/a><\/p>\n","protected":false},"author":18,"featured_media":19282,"comment_status":"closed","ping_status":"closed","sticky":false,"template":"","format":"standard","meta":{"_acf_changed":false,"footnotes":""},"categories":[15],"tags":[],"class_list":["post-777","post","type-post","status-publish","format-standard","has-post-thumbnail","hentry","category-senza-categoria"],"acf":[],"_links":{"self":[{"href":"https:\/\/www.nuovimecenati.org\/fr\/wp-json\/wp\/v2\/posts\/777","targetHints":{"allow":["GET"]}}],"collection":[{"href":"https:\/\/www.nuovimecenati.org\/fr\/wp-json\/wp\/v2\/posts"}],"about":[{"href":"https:\/\/www.nuovimecenati.org\/fr\/wp-json\/wp\/v2\/types\/post"}],"author":[{"embeddable":true,"href":"https:\/\/www.nuovimecenati.org\/fr\/wp-json\/wp\/v2\/users\/18"}],"replies":[{"embeddable":true,"href":"https:\/\/www.nuovimecenati.org\/fr\/wp-json\/wp\/v2\/comments?post=777"}],"version-history":[{"count":0,"href":"https:\/\/www.nuovimecenati.org\/fr\/wp-json\/wp\/v2\/posts\/777\/revisions"}],"wp:featuredmedia":[{"embeddable":true,"href":"https:\/\/www.nuovimecenati.org\/fr\/wp-json\/wp\/v2\/media\/19282"}],"wp:attachment":[{"href":"https:\/\/www.nuovimecenati.org\/fr\/wp-json\/wp\/v2\/media?parent=777"}],"wp:term":[{"taxonomy":"category","embeddable":true,"href":"https:\/\/www.nuovimecenati.org\/fr\/wp-json\/wp\/v2\/categories?post=777"},{"taxonomy":"post_tag","embeddable":true,"href":"https:\/\/www.nuovimecenati.org\/fr\/wp-json\/wp\/v2\/tags?post=777"}],"curies":[{"name":"wp","href":"https:\/\/api.w.org\/{rel}","templated":true}]}}