{"id":763,"date":"2015-03-16T10:04:46","date_gmt":"2015-03-16T09:04:46","guid":{"rendered":"http:\/\/bcv.nuovimecenati.org\/?p=763"},"modified":"2024-02-23T19:38:12","modified_gmt":"2024-02-23T18:38:12","slug":"giampiero-massolo","status":"publish","type":"post","link":"https:\/\/www.nuovimecenati.org\/fr\/giampiero-massolo\/","title":{"rendered":"Giampiero Massolo"},"content":{"rendered":"<p><strong>Pr\u00e9sident de Mundys<\/strong><\/p>\n<p><strong>Giampiero MASSOLO<\/strong> est pr\u00e9sident de Mundys depuis le 29 avril 2022 et pr\u00e9sident de l\u2019Institut italien pour les \u00e9tudes de politique internationale (ISPI) depuis janvier 2017. Il a \u00e9t\u00e9 pr\u00e9sident de Fincantieri SpA de mai 2016 \u00e0 mai 2022 et il est pr\u00e9sident de Fincantieri NexTech depuis ao\u00fbt 2021.<\/p>\n<p style=\"font-weight: 400;\">Entre mai 2012 et mai 2016, il a \u00e9t\u00e9 Directeur G\u00e9n\u00e9ral du D\u00e9partement de l&rsquo;Information pour la S\u00e9curit\u00e9 (DIS) \u00e0 la Pr\u00e9sidence du Conseil des Ministres.<\/p>\n<p style=\"font-weight: 400;\">En septembre 2007, il a pris le poste de Secr\u00e9taire G\u00e9n\u00e9ral du Minist\u00e8re des Affaires \u00c9trang\u00e8res. D&rsquo;avril 2008 \u00e0 d\u00e9cembre 2009, il a \u00e9galement \u00e9t\u00e9 le repr\u00e9sentant personnel (Sherpa) du Premier Ministre pour le G8 et le G20. Au Minist\u00e8re des Affaires \u00c9trang\u00e8res, il a \u00e9galement occup\u00e9 &#8211; entre 1996 et 2007 &#8211; les postes de Chef du Service de Presse, Directeur G\u00e9n\u00e9ral des Affaires Politiques, Directeur G\u00e9n\u00e9ral du personnel et Chef de Cabinet.<\/p>\n<p style=\"font-weight: 400;\">Il a \u00e9t\u00e9 nomm\u00e9 Ambassadeur en janvier 2006. De juin 1994 \u00e0 mai 1996, il a \u00e9t\u00e9 Chef du Secr\u00e9tariat du Premier Ministre. Il a servi dans les Ambassades d&rsquo;Italie pr\u00e8s le Saint-Si\u00e8ge et \u00e0 Moscou, ainsi qu&rsquo;\u00e0 la Repr\u00e9sentation Permanente aupr\u00e8s de l&rsquo;Union europ\u00e9enne. Il a \u00e9t\u00e9 titulaire du cours \u00ab\u00a0Int\u00e9r\u00eat national et s\u00e9curit\u00e9 nationale dans un monde complexe\u00a0\u00bb \u00e0 l&rsquo;universit\u00e9 Sciences Po de Paris. Il est titulaire du cours \u00ab\u00a0Int\u00e9r\u00eat national, s\u00e9curit\u00e9 nationale et relations internationales\u00a0\u00bb \u00e0 la <em>School of Government<\/em> &#8211; \u00e9cole doctorale de l&rsquo;Universit\u00e9 LUISS de Rome. Il collabore en tant que chroniqueur avec les quotidiens \u00ab\u00a0La Repubblica\u00a0\u00bb et \u00ab\u00a0La Stampa\u00a0\u00bb.<\/p>\n<p style=\"font-weight: 400;\">Il est Chevalier Grand-Croix de l&rsquo;Ordre du M\u00e9rite de la R\u00e9publique italienne.<\/p>\n<p>&nbsp;<\/p>\n<p>&nbsp;<\/p>\n","protected":false},"excerpt":{"rendered":"<p>Pr\u00e9sident de Mundys Giampiero MASSOLO est pr\u00e9sident de Mundys depuis le 29 avril 2022 et pr\u00e9sident de l\u2019Institut italien pour les \u00e9tudes de politique internationale (ISPI) depuis janvier 2017. Il a \u00e9t\u00e9 pr\u00e9sident de Fincantieri SpA de mai 2016 \u00e0 mai 2022 et il est pr\u00e9sident de Fincantieri NexTech depuis ao\u00fbt 2021. Entre mai 2012<a class=\"more-link\" href=\"https:\/\/www.nuovimecenati.org\/fr\/giampiero-massolo\/\">Continua<\/a><\/p>\n","protected":false},"author":18,"featured_media":8643,"comment_status":"closed","ping_status":"closed","sticky":false,"template":"","format":"standard","meta":{"_acf_changed":false,"footnotes":""},"categories":[15],"tags":[],"class_list":["post-763","post","type-post","status-publish","format-standard","has-post-thumbnail","hentry","category-senza-categoria"],"acf":[],"_links":{"self":[{"href":"https:\/\/www.nuovimecenati.org\/fr\/wp-json\/wp\/v2\/posts\/763","targetHints":{"allow":["GET"]}}],"collection":[{"href":"https:\/\/www.nuovimecenati.org\/fr\/wp-json\/wp\/v2\/posts"}],"about":[{"href":"https:\/\/www.nuovimecenati.org\/fr\/wp-json\/wp\/v2\/types\/post"}],"author":[{"embeddable":true,"href":"https:\/\/www.nuovimecenati.org\/fr\/wp-json\/wp\/v2\/users\/18"}],"replies":[{"embeddable":true,"href":"https:\/\/www.nuovimecenati.org\/fr\/wp-json\/wp\/v2\/comments?post=763"}],"version-history":[{"count":0,"href":"https:\/\/www.nuovimecenati.org\/fr\/wp-json\/wp\/v2\/posts\/763\/revisions"}],"wp:featuredmedia":[{"embeddable":true,"href":"https:\/\/www.nuovimecenati.org\/fr\/wp-json\/wp\/v2\/media\/8643"}],"wp:attachment":[{"href":"https:\/\/www.nuovimecenati.org\/fr\/wp-json\/wp\/v2\/media?parent=763"}],"wp:term":[{"taxonomy":"category","embeddable":true,"href":"https:\/\/www.nuovimecenati.org\/fr\/wp-json\/wp\/v2\/categories?post=763"},{"taxonomy":"post_tag","embeddable":true,"href":"https:\/\/www.nuovimecenati.org\/fr\/wp-json\/wp\/v2\/tags?post=763"}],"curies":[{"name":"wp","href":"https:\/\/api.w.org\/{rel}","templated":true}]}}