{"id":557,"date":"2015-02-24T11:49:25","date_gmt":"2015-02-24T10:49:25","guid":{"rendered":"http:\/\/bcv.nuovimecenati.org\/?p=557"},"modified":"2025-02-07T12:38:42","modified_gmt":"2025-02-07T11:38:42","slug":"vinicio-mati2","status":"publish","type":"post","link":"https:\/\/www.nuovimecenati.org\/fr\/vinicio-mati2\/","title":{"rendered":"Vinicio Mati"},"content":{"rendered":"<p><strong>Pr\u00e9sident de la Fondation<\/strong><\/p>\n<p>Vinicio Mati, Ambassadeur d\u2019Italie \u00e0 la retraite, est entr\u00e9 dans la carri\u00e8re diplomatique en 1987 apr\u00e8s avoir obtenu un dipl\u00f4me en Sciences Politiques \u00e0 l&rsquo;Universit\u00e9 de Florence.<\/p>\n<p>Il a commenc\u00e9 son parcours professionnel \u00e0 la Farnesina, d&rsquo;abord \u00e0 la Direction G\u00e9n\u00e9rale des Relations Culturelles, puis \u00e0 la Direction G\u00e9n\u00e9rale des Affaires Politiques.<\/p>\n<p>Parmi les principales missions de sa carri\u00e8re, il a \u00e9t\u00e9 Consul G\u00e9n\u00e9ral adjoint \u00e0 Paris (1991-1994), Conseiller et Charg\u00e9 d&rsquo;Affaires a.i. \u00e0 l&rsquo;Ambassade d&rsquo;Italie \u00e0 Sofia (1994-1997) Chef du Bureau de la Politique \u00e9trang\u00e8re et de s\u00e9curit\u00e9 commune de l&rsquo;Union Europ\u00e9enne \u00e0 la Farnesina (2000-2002), Premier Conseiller \u00e0 la Mission Permanente de l\u2019Italie aupr\u00e8s de l&rsquo;OTAN \u00e0 Bruxelles (2002-2006) ainsi que Premier Conseiller et Ministre Pl\u00e9nipotentiaire \u00e0 l&rsquo;Ambassade d&rsquo;Italie \u00e0 Paris (2006-2010). Il a \u00e9galement \u00e9t\u00e9 Conseiller Diplomatique du Ministre de l\u2019\u00c9ducation, de l\u2019Universit\u00e9 et de la Recherche (2010-2011) et du Ministre de la Fonction publique (2011-2012) des gouvernements en place \u00e0 l\u2019\u00e9poque. Il a ensuite occup\u00e9 le poste de Pr\u00e9sident du Comit\u00e9 interminist\u00e9riel des droits de l\u2019homme (2012-2013). En 2013, il a \u00e9t\u00e9 nomm\u00e9 Ambassadeur et Repr\u00e9sentant Permanent \u00e0 Gen\u00e8ve aupr\u00e8s de la Conf\u00e9rence du D\u00e9sarmement, o\u00f9 il a \u00e9galement assur\u00e9 les fonctions de Pr\u00e9sident de la Conf\u00e9rence en 2014. En cette qualit\u00e9, il a \u00e9t\u00e9 chef des d\u00e9l\u00e9gations italiennes \u00e0 New York pour les travaux de la Premi\u00e8re Commission de l\u2019Assembl\u00e9e G\u00e9n\u00e9rale des Nations Unies ainsi que pour la Conf\u00e9rence d&rsquo;examen du Trait\u00e9 de non-prolif\u00e9ration des armes nucl\u00e9aires et d&rsquo;autres conventions et trait\u00e9s internationaux sur le d\u00e9sarmement et le contr\u00f4le des armements dont l\u2019Italie fait partie. En 2018, il a \u00e9t\u00e9 nomm\u00e9 Coordinateur national de la pr\u00e9sidence italienne de l&rsquo;OSCE, l&rsquo;Organisation pour la S\u00e9curit\u00e9 et la Coop\u00e9ration en Europe, bas\u00e9e \u00e0 Vienne. En 2024, il a termin\u00e9 sa carri\u00e8re diplomatique apr\u00e8s avoir \u00e9t\u00e9 Ambassadeur d&rsquo;Italie \u00e0 Stockholm, o\u00f9 il a \u00e9galement occup\u00e9 le poste de Directeur par int\u00e9rim de l&rsquo;Institut culturel italien.<\/p>\n<p>Depuis 2005, il est Chevalier Officier de l\u2019Ordre du M\u00e9rite de la R\u00e9publique italienne.<\/p>\n<p>En 2023, il a \u00e9t\u00e9 nomm\u00e9 Commandeur de premi\u00e8re classe de l&rsquo;Ordre Royal de l&rsquo;\u00c9toile Polaire Su\u00e9doise par Sa Majest\u00e9 le Roi Carl XVI Gustaf de Su\u00e8de.<\/p>\n<p>Passionn\u00e9 de musique et de litt\u00e9rature, il est actuellement membre du jury du prix litt\u00e9raire italien <em>Strega<\/em>. Ses int\u00e9r\u00eats incluent \u00e9galement le cin\u00e9ma, la photographie, le design et plus g\u00e9n\u00e9ralement les arts figuratifs, notamment l\u2019art contemporain. Au cours de sa carri\u00e8re, il a servi pendant huit ans \u00e0 Paris.<\/p>\n","protected":false},"excerpt":{"rendered":"<p>Pr\u00e9sident de la Fondation Vinicio Mati, Ambassadeur d\u2019Italie \u00e0 la retraite, est entr\u00e9 dans la carri\u00e8re diplomatique en 1987 apr\u00e8s avoir obtenu un dipl\u00f4me en Sciences Politiques \u00e0 l&rsquo;Universit\u00e9 de Florence. Il a commenc\u00e9 son parcours professionnel \u00e0 la Farnesina, d&rsquo;abord \u00e0 la Direction G\u00e9n\u00e9rale des Relations Culturelles, puis \u00e0 la Direction G\u00e9n\u00e9rale des Affaires<a class=\"more-link\" href=\"https:\/\/www.nuovimecenati.org\/fr\/vinicio-mati2\/\">Continua<\/a><\/p>\n","protected":false},"author":18,"featured_media":19275,"comment_status":"closed","ping_status":"closed","sticky":false,"template":"","format":"standard","meta":{"_acf_changed":false,"footnotes":""},"categories":[15],"tags":[],"class_list":["post-557","post","type-post","status-publish","format-standard","has-post-thumbnail","hentry","category-senza-categoria"],"acf":[],"_links":{"self":[{"href":"https:\/\/www.nuovimecenati.org\/fr\/wp-json\/wp\/v2\/posts\/557","targetHints":{"allow":["GET"]}}],"collection":[{"href":"https:\/\/www.nuovimecenati.org\/fr\/wp-json\/wp\/v2\/posts"}],"about":[{"href":"https:\/\/www.nuovimecenati.org\/fr\/wp-json\/wp\/v2\/types\/post"}],"author":[{"embeddable":true,"href":"https:\/\/www.nuovimecenati.org\/fr\/wp-json\/wp\/v2\/users\/18"}],"replies":[{"embeddable":true,"href":"https:\/\/www.nuovimecenati.org\/fr\/wp-json\/wp\/v2\/comments?post=557"}],"version-history":[{"count":0,"href":"https:\/\/www.nuovimecenati.org\/fr\/wp-json\/wp\/v2\/posts\/557\/revisions"}],"wp:featuredmedia":[{"embeddable":true,"href":"https:\/\/www.nuovimecenati.org\/fr\/wp-json\/wp\/v2\/media\/19275"}],"wp:attachment":[{"href":"https:\/\/www.nuovimecenati.org\/fr\/wp-json\/wp\/v2\/media?parent=557"}],"wp:term":[{"taxonomy":"category","embeddable":true,"href":"https:\/\/www.nuovimecenati.org\/fr\/wp-json\/wp\/v2\/categories?post=557"},{"taxonomy":"post_tag","embeddable":true,"href":"https:\/\/www.nuovimecenati.org\/fr\/wp-json\/wp\/v2\/tags?post=557"}],"curies":[{"name":"wp","href":"https:\/\/api.w.org\/{rel}","templated":true}]}}