{"id":5466,"date":"2020-02-06T15:55:22","date_gmt":"2020-02-06T14:55:22","guid":{"rendered":"http:\/\/www.nuovimecenati.org\/?p=5466"},"modified":"2024-03-12T10:35:32","modified_gmt":"2024-03-12T09:35:32","slug":"beatrice-horn","status":"publish","type":"post","link":"https:\/\/www.nuovimecenati.org\/fr\/beatrice-horn\/","title":{"rendered":"B\u00e9atrice Horn"},"content":{"rendered":"<p><strong>Experte Danse et Cirque<\/strong><\/p>\n<p>Apr\u00e8s des \u00e9tudes de psychologie clinique et de musicoth\u00e9rapie (Universit\u00e9 Paris III), B\u00e9atrice Horn choisit l\u2019environnement de la production musicale en rejoignant en 1989 la maison de disques\u00a0<em>harmonia mundi<\/em>\u00a0o\u00f9 elle y d\u00e9veloppe son go\u00fbt du montage et de suivi de projets. En 1997, elle cr\u00e9e\u00a0<em>lelabo<\/em>, structure de production de spectacles vivants ax\u00e9e sur la transversalit\u00e9 et l\u2019\u00e9criture contemporaine pour accompagner des artistes en danse et musique contemporaine, et effectuer, entre autres, une \u00e9tude pour la ville de Montreuil sur le red\u00e9ploiement des arts de la sc\u00e8ne \u00e0 l\u2019occasion d\u2019une grosse op\u00e9ration immobili\u00e8re.<\/p>\n<p>A partir de 2003, B\u00e9atrice Horn r\u00e9alise diff\u00e9rentes missions de production et de management pour l\u2019Auditorium du Mus\u00e9e du Louvre et Nuit Blanche 2005, travaille les ann\u00e9es suivantes \u00e0 la coordination des \u00e9missions de France Musique et \u00e0 la planification des retransmissions de concerts de Radio France.<br \/>\nDe 2007 \u00e0 2013, elle approfondit plusieurs collaborations artistiques dans le spectacle vivant avant de prendre en 2014, les fonctions de directrice d\u00e9l\u00e9gu\u00e9e au Ballet du Nord \u2013 direction Olivier Dubois \/ Centre Chor\u00e9graphique National de Roubaix-Nord Pas de Calais.<\/p>\n<p>Apr\u00e8s avoir obtenu un Master 2 en Arts de la sc\u00e8ne et du spectacle vivant &#8211; Parcours projet culturel et artistique international (Universit\u00e9 Paris 8), elle est nomm\u00e9e au poste d\u2019attach\u00e9e culturelle \u00e0 l\u2019Institut fran\u00e7ais du Japon-Kansai (Kyoto-Osaka) en ao\u00fbt 2016, o\u00f9 elle restera jusqu\u2019en mai 2019, date \u00e0 laquelle elle rejoint la Maison de la Danse et la Biennale de la danse de Lyon comme conseill\u00e8re \u00e0 la programmation.<br \/>\nElle exerce comme curatrice ind\u00e9pendante depuis juillet 2023.<\/p>\n<p>B\u00e9atrice Horn est par ailleurs intervenue de 2007 \u00e0 2011 comme charg\u00e9e d\u2019enseignement au Master 2 \u00ab Management des Organisations Culturelles \u00bb de l\u2019Universit\u00e9 Paris Dauphine, a \u00e9t\u00e9 membre de diff\u00e9rents jurys de danse en France et en Europe pour la SACD, le Goethe Institut, les plateformes tch\u00e8que (Tanec Praha) et italienne (NID), et particip\u00e9 comme mentor au programme Start-up Forum de Aerowaves 2023.<\/p>\n","protected":false},"excerpt":{"rendered":"<p>Experte Danse et Cirque Apr\u00e8s des \u00e9tudes de psychologie clinique et de musicoth\u00e9rapie (Universit\u00e9 Paris III), B\u00e9atrice Horn choisit l\u2019environnement de la production musicale en rejoignant en 1989 la maison de disques\u00a0harmonia mundi\u00a0o\u00f9 elle y d\u00e9veloppe son go\u00fbt du montage et de suivi de projets. En 1997, elle cr\u00e9e\u00a0lelabo, structure de production de spectacles vivants<a class=\"more-link\" href=\"https:\/\/www.nuovimecenati.org\/fr\/beatrice-horn\/\">Continua<\/a><\/p>\n","protected":false},"author":81,"featured_media":17865,"comment_status":"closed","ping_status":"closed","sticky":false,"template":"","format":"standard","meta":{"_acf_changed":false,"footnotes":""},"categories":[15],"tags":[],"class_list":["post-5466","post","type-post","status-publish","format-standard","has-post-thumbnail","hentry","category-senza-categoria"],"acf":[],"_links":{"self":[{"href":"https:\/\/www.nuovimecenati.org\/fr\/wp-json\/wp\/v2\/posts\/5466","targetHints":{"allow":["GET"]}}],"collection":[{"href":"https:\/\/www.nuovimecenati.org\/fr\/wp-json\/wp\/v2\/posts"}],"about":[{"href":"https:\/\/www.nuovimecenati.org\/fr\/wp-json\/wp\/v2\/types\/post"}],"author":[{"embeddable":true,"href":"https:\/\/www.nuovimecenati.org\/fr\/wp-json\/wp\/v2\/users\/81"}],"replies":[{"embeddable":true,"href":"https:\/\/www.nuovimecenati.org\/fr\/wp-json\/wp\/v2\/comments?post=5466"}],"version-history":[{"count":0,"href":"https:\/\/www.nuovimecenati.org\/fr\/wp-json\/wp\/v2\/posts\/5466\/revisions"}],"wp:featuredmedia":[{"embeddable":true,"href":"https:\/\/www.nuovimecenati.org\/fr\/wp-json\/wp\/v2\/media\/17865"}],"wp:attachment":[{"href":"https:\/\/www.nuovimecenati.org\/fr\/wp-json\/wp\/v2\/media?parent=5466"}],"wp:term":[{"taxonomy":"category","embeddable":true,"href":"https:\/\/www.nuovimecenati.org\/fr\/wp-json\/wp\/v2\/categories?post=5466"},{"taxonomy":"post_tag","embeddable":true,"href":"https:\/\/www.nuovimecenati.org\/fr\/wp-json\/wp\/v2\/tags?post=5466"}],"curies":[{"name":"wp","href":"https:\/\/api.w.org\/{rel}","templated":true}]}}