{"id":422,"date":"2014-11-18T10:36:29","date_gmt":"2014-11-18T09:36:29","guid":{"rendered":"http:\/\/bcv.nuovimecenati.org\/?p=422"},"modified":"2024-02-23T19:35:48","modified_gmt":"2024-02-23T18:35:48","slug":"176","status":"publish","type":"post","link":"https:\/\/www.nuovimecenati.org\/fr\/176\/","title":{"rendered":"Martin Briens"},"content":{"rendered":"<p>Ambassadeur d\u00e9sign\u00e9 de France en Italie depuis juillet 2023, Martin Briens \u00e9tait auparavant directeur du cabinet civil et militaire de la ministre des arm\u00e9es, de 2017 \u00e0 2022.<\/p>\n<p>Diplomate de carri\u00e8re entr\u00e9 au minist\u00e8re de l\u2019Europe et des affaires \u00e9trang\u00e8res en 1996 \u00e0 l\u2019issue de sa scolarit\u00e9 \u00e0 l\u2019Ecole Nationale d\u2019Administration (promotion Victor Schoelcher), il a \u00e9t\u00e9 en poste \u00e0 P\u00e9kin (1999-2003), \u00e0 Washington (2003-2006) ainsi qu\u2019\u00e0 la repr\u00e9sentation permanente de la France aupr\u00e8s des Nations unies \u00e0 New York (2010-2013), en tant que repr\u00e9sentant permanent adjoint.<\/p>\n<p>A Paris, il a notamment servi dans les fonctions de directeur-adjoint du Centre d\u2019Analyses et de Pr\u00e9vision (2006-2007), de sous-directeur du d\u00e9sarmement et de la non-prolif\u00e9ration nucl\u00e9aires (2007-2010), de directeur-adjoint du cabinet du ministre des affaires \u00e9trang\u00e8res et du d\u00e9veloppement international (2013-2016) et de directeur de la strat\u00e9gie au minist\u00e8re de la d\u00e9fense (2016-2017).<\/p>\n","protected":false},"excerpt":{"rendered":"<p>Ambassadeur d\u00e9sign\u00e9 de France en Italie depuis juillet 2023, Martin Briens \u00e9tait auparavant directeur du cabinet civil et militaire de la ministre des arm\u00e9es, de 2017 \u00e0 2022. Diplomate de carri\u00e8re entr\u00e9 au minist\u00e8re de l\u2019Europe et des affaires \u00e9trang\u00e8res en 1996 \u00e0 l\u2019issue de sa scolarit\u00e9 \u00e0 l\u2019Ecole Nationale d\u2019Administration (promotion Victor Schoelcher), il<a class=\"more-link\" href=\"https:\/\/www.nuovimecenati.org\/fr\/176\/\">Continua<\/a><\/p>\n","protected":false},"author":18,"featured_media":16980,"comment_status":"open","ping_status":"open","sticky":false,"template":"","format":"standard","meta":{"_acf_changed":false,"footnotes":""},"categories":[15],"tags":[],"class_list":["post-422","post","type-post","status-publish","format-standard","has-post-thumbnail","hentry","category-senza-categoria"],"acf":[],"_links":{"self":[{"href":"https:\/\/www.nuovimecenati.org\/fr\/wp-json\/wp\/v2\/posts\/422","targetHints":{"allow":["GET"]}}],"collection":[{"href":"https:\/\/www.nuovimecenati.org\/fr\/wp-json\/wp\/v2\/posts"}],"about":[{"href":"https:\/\/www.nuovimecenati.org\/fr\/wp-json\/wp\/v2\/types\/post"}],"author":[{"embeddable":true,"href":"https:\/\/www.nuovimecenati.org\/fr\/wp-json\/wp\/v2\/users\/18"}],"replies":[{"embeddable":true,"href":"https:\/\/www.nuovimecenati.org\/fr\/wp-json\/wp\/v2\/comments?post=422"}],"version-history":[{"count":0,"href":"https:\/\/www.nuovimecenati.org\/fr\/wp-json\/wp\/v2\/posts\/422\/revisions"}],"wp:featuredmedia":[{"embeddable":true,"href":"https:\/\/www.nuovimecenati.org\/fr\/wp-json\/wp\/v2\/media\/16980"}],"wp:attachment":[{"href":"https:\/\/www.nuovimecenati.org\/fr\/wp-json\/wp\/v2\/media?parent=422"}],"wp:term":[{"taxonomy":"category","embeddable":true,"href":"https:\/\/www.nuovimecenati.org\/fr\/wp-json\/wp\/v2\/categories?post=422"},{"taxonomy":"post_tag","embeddable":true,"href":"https:\/\/www.nuovimecenati.org\/fr\/wp-json\/wp\/v2\/tags?post=422"}],"curies":[{"name":"wp","href":"https:\/\/api.w.org\/{rel}","templated":true}]}}