{"id":2811,"date":"2017-10-13T10:36:02","date_gmt":"2017-10-13T08:36:02","guid":{"rendered":"http:\/\/www.nuovimecenati.org\/?p=2811"},"modified":"2017-10-13T13:27:02","modified_gmt":"2017-10-13T11:27:02","slug":"jusquici-tout-va-bien-exposition-de-renaud-auguste-dormeuil","status":"publish","type":"post","link":"https:\/\/www.nuovimecenati.org\/fr\/jusquici-tout-va-bien-exposition-de-renaud-auguste-dormeuil\/","title":{"rendered":"\u00ab\u00a0Jusqu&rsquo;ici tout va bien\u00a0\u00bb &#8211; Renaud Auguste-Dormeuil"},"content":{"rendered":"<p>ARTS VISUELS<\/p>\n<p>14\/10 &#8211; 26\/11\/2017<\/p>\n<p>\u00abJusqu\u2019ici tout va bien\u00bb est la premi\u00e8re exposition personnelle italienne\u00a0de Renaud Auguste-Dormeuil au mus\u00e9e macro Testaccio de Rome.<\/p>\n<p>Un projet complexe et ambitieux qui retrace le travail de l&rsquo;artiste fran\u00e7ais avec des \u0153uvres embl\u00e9matiques comme\u00a0\u00a0<b><i>The day before<\/i><\/b>, s\u00e9rie de 12 \u0153uvres qui repr\u00e9sentent 12 ciels \u00e9toil\u00e9s qui ont illumin\u00e9 divers lieux de la plan\u00e8te la nuit pr\u00e9c\u00e9dent des attaques a\u00e9riens\u00a0\u00a0(le ciel d&rsquo;Hiroshima le 5 aout 1645, celui de New york le 10 septembre 2001 &#8230;),\u00a0<b><i>When the paper<\/i><\/b>,\u00a0installation inspir\u00e9e d&rsquo;un rituel japonais ou encore la vid\u00e9o\u00a0<b><i>Quiet as the grave<\/i><\/b>,\u00a0inspir\u00e9e du film\u00a0<i>Vertigo\u00a0<\/i>(1958) d&rsquo;Alfred Hitchcock<\/p>\n<p>&nbsp;<\/p>\n<p>A cette exposition, s&rsquo;ajoute la performance a\u00e9rienne pr\u00e9sent\u00e9e en avant-premi\u00e8re mondiale\u00a0<b>Spin.off.\u00a0<\/b><\/p>\n<p>Commissariat : Raffaele Gavarro.<\/p>\n<p>Organisation: Arte e Altro<\/p>\n<p>Soutien de l&rsquo;Institut Francais dans le cadre de la saison culture, La Francia in scena et de la Fondation Nuovi Mecenati<\/p>\n<p>Projet soutenu par Roma Capitale.<\/p>\n","protected":false},"excerpt":{"rendered":"<p>ARTS VISUELS 14\/10 &#8211; 26\/11\/2017 \u00abJusqu\u2019ici tout va bien\u00bb est la premi\u00e8re exposition personnelle italienne\u00a0de Renaud Auguste-Dormeuil au mus\u00e9e macro Testaccio de Rome. Un projet complexe et ambitieux qui retrace le travail de l&rsquo;artiste fran\u00e7ais avec des \u0153uvres embl\u00e9matiques comme\u00a0\u00a0The day before, s\u00e9rie de 12 \u0153uvres qui repr\u00e9sentent 12 ciels \u00e9toil\u00e9s qui ont illumin\u00e9 divers<a class=\"more-link\" href=\"https:\/\/www.nuovimecenati.org\/fr\/jusquici-tout-va-bien-exposition-de-renaud-auguste-dormeuil\/\">Continua<\/a><\/p>\n","protected":false},"author":81,"featured_media":2806,"comment_status":"closed","ping_status":"closed","sticky":false,"template":"","format":"standard","meta":{"_acf_changed":false,"footnotes":""},"categories":[28],"tags":[],"class_list":["post-2811","post","type-post","status-publish","format-standard","has-post-thumbnail","hentry","category-news"],"acf":[],"_links":{"self":[{"href":"https:\/\/www.nuovimecenati.org\/fr\/wp-json\/wp\/v2\/posts\/2811","targetHints":{"allow":["GET"]}}],"collection":[{"href":"https:\/\/www.nuovimecenati.org\/fr\/wp-json\/wp\/v2\/posts"}],"about":[{"href":"https:\/\/www.nuovimecenati.org\/fr\/wp-json\/wp\/v2\/types\/post"}],"author":[{"embeddable":true,"href":"https:\/\/www.nuovimecenati.org\/fr\/wp-json\/wp\/v2\/users\/81"}],"replies":[{"embeddable":true,"href":"https:\/\/www.nuovimecenati.org\/fr\/wp-json\/wp\/v2\/comments?post=2811"}],"version-history":[{"count":0,"href":"https:\/\/www.nuovimecenati.org\/fr\/wp-json\/wp\/v2\/posts\/2811\/revisions"}],"wp:featuredmedia":[{"embeddable":true,"href":"https:\/\/www.nuovimecenati.org\/fr\/wp-json\/wp\/v2\/media\/2806"}],"wp:attachment":[{"href":"https:\/\/www.nuovimecenati.org\/fr\/wp-json\/wp\/v2\/media?parent=2811"}],"wp:term":[{"taxonomy":"category","embeddable":true,"href":"https:\/\/www.nuovimecenati.org\/fr\/wp-json\/wp\/v2\/categories?post=2811"},{"taxonomy":"post_tag","embeddable":true,"href":"https:\/\/www.nuovimecenati.org\/fr\/wp-json\/wp\/v2\/tags?post=2811"}],"curies":[{"name":"wp","href":"https:\/\/api.w.org\/{rel}","templated":true}]}}