{"id":2736,"date":"2017-06-28T12:18:59","date_gmt":"2017-06-28T10:18:59","guid":{"rendered":"http:\/\/www.nuovimecenati.org\/?p=2736"},"modified":"2017-07-18T15:03:15","modified_gmt":"2017-07-18T13:03:15","slug":"festival-drodesera-2017-xxxvii-edition","status":"publish","type":"post","link":"https:\/\/www.nuovimecenati.org\/fr\/festival-drodesera-2017-xxxvii-edition\/","title":{"rendered":"Festival Drodesera 2017 &#8211; XXXVII \u00e9dition"},"content":{"rendered":"<p><strong>DANSE<\/strong><\/p>\n<p><strong>Centrale Fies, Dro (Trente)<\/strong><\/p>\n<p><strong>Du 21 au 29 juillet 2017<\/strong><\/p>\n<p>Depuis 37 ans, Drodesera se pr\u00e9sente comme un des festivals de r\u00e9f\u00e9rence de la sc\u00e8ne italienne, en \u0153uvrant sur l\u2019int\u00e9gration des diff\u00e9rents langages, en d\u00e9couvrant de nouveaux artistes et en cr\u00e9ant des nouveaux satellites de r\u00e9f\u00e9rence dans le monde du spectacle vivant.<\/p>\n<p>Festival Drodesera 2017 accueillera l\u2019artiste fran\u00e7ais Eric Minh Cuong Castaing\u00a0qui pr\u00e9sentera la premi\u00e8re nationale de \u00ab\u00a0<a href=\"http:\/\/www.centralefies.it\/supercontinent\/program-shonen.html\">School of Moon<\/a>\u00a0\u00bb, avec la\u00a0<a href=\"http:\/\/shonen.info\/\">compagnie Shonen<\/a>. <strong>Ce travail, qui verra la participation d\u2019un groupe d\u2019enfants du territoire, sera pr\u00e9sent\u00e9 le 25 juillet 2017 dans le cadre de la programmation du Festival.<\/strong><\/p>\n<p>Dipl\u00f4m\u00e9 de l\u2019\u00e9cole de l\u2019image Gobelins de Paris, Eric Minh Cuong Castaing (1979) entame sa carri\u00e8re dans les arts visuels en travaillant pendant plusieurs ann\u00e9es comme dessinateur pour le cin\u00e9ma d\u2019animation. En 1997, il d\u00e9couvre la danse hip hop, puis le but\u014d et enfin la danse contemporaine. Depuis 2011, dans le cadre de Shonen, il travaille en mettant en relation la danse, les nouvelles technologies et les corps \u00ab\u00a0in situ in socius\u00a0\u00bb. Pour la p\u00e9riode 2016-2018, il est artiste associ\u00e9 aupr\u00e8s du Ballet de Marseille.<\/p>\n<p><a href=\"http:\/\/www.centralefies.it\/supercontinent\/program.html\">Informations et horaires des spectacles<\/a><\/p>\n","protected":false},"excerpt":{"rendered":"<p>DANSE Centrale Fies, Dro (Trente) Du 21 au 29 juillet 2017 Depuis 37 ans, Drodesera se pr\u00e9sente comme un des festivals de r\u00e9f\u00e9rence de la sc\u00e8ne italienne, en \u0153uvrant sur l\u2019int\u00e9gration des diff\u00e9rents langages, en d\u00e9couvrant de nouveaux artistes et en cr\u00e9ant des nouveaux satellites de r\u00e9f\u00e9rence dans le monde du spectacle vivant. Festival Drodesera<a class=\"more-link\" href=\"https:\/\/www.nuovimecenati.org\/fr\/festival-drodesera-2017-xxxvii-edition\/\">Continua<\/a><\/p>\n","protected":false},"author":81,"featured_media":4419,"comment_status":"closed","ping_status":"closed","sticky":false,"template":"","format":"standard","meta":{"_acf_changed":false,"footnotes":""},"categories":[28],"tags":[],"class_list":["post-2736","post","type-post","status-publish","format-standard","has-post-thumbnail","hentry","category-news"],"acf":[],"_links":{"self":[{"href":"https:\/\/www.nuovimecenati.org\/fr\/wp-json\/wp\/v2\/posts\/2736","targetHints":{"allow":["GET"]}}],"collection":[{"href":"https:\/\/www.nuovimecenati.org\/fr\/wp-json\/wp\/v2\/posts"}],"about":[{"href":"https:\/\/www.nuovimecenati.org\/fr\/wp-json\/wp\/v2\/types\/post"}],"author":[{"embeddable":true,"href":"https:\/\/www.nuovimecenati.org\/fr\/wp-json\/wp\/v2\/users\/81"}],"replies":[{"embeddable":true,"href":"https:\/\/www.nuovimecenati.org\/fr\/wp-json\/wp\/v2\/comments?post=2736"}],"version-history":[{"count":0,"href":"https:\/\/www.nuovimecenati.org\/fr\/wp-json\/wp\/v2\/posts\/2736\/revisions"}],"wp:featuredmedia":[{"embeddable":true,"href":"https:\/\/www.nuovimecenati.org\/fr\/wp-json\/wp\/v2\/media\/4419"}],"wp:attachment":[{"href":"https:\/\/www.nuovimecenati.org\/fr\/wp-json\/wp\/v2\/media?parent=2736"}],"wp:term":[{"taxonomy":"category","embeddable":true,"href":"https:\/\/www.nuovimecenati.org\/fr\/wp-json\/wp\/v2\/categories?post=2736"},{"taxonomy":"post_tag","embeddable":true,"href":"https:\/\/www.nuovimecenati.org\/fr\/wp-json\/wp\/v2\/tags?post=2736"}],"curies":[{"name":"wp","href":"https:\/\/api.w.org\/{rel}","templated":true}]}}