{"id":20350,"date":"2025-09-22T16:44:21","date_gmt":"2025-09-22T14:44:21","guid":{"rendered":"http:\/\/www.nuovimecenati.org\/ludovico-ortona-2\/"},"modified":"2025-09-22T16:44:21","modified_gmt":"2025-09-22T14:44:21","slug":"ludovico-ortona","status":"publish","type":"post","link":"https:\/\/www.nuovimecenati.org\/fr\/ludovico-ortona\/","title":{"rendered":"Ludovico Ortona"},"content":{"rendered":"<p><span style=\"font-weight: 400;\">Nato a Zara (Croazia) nel 1942, Ludovico Ortona si \u00e8 laureato in Giurisprudenza nel 1965 presso l\u2019Universit\u00e0\u00a0 \u201cLa Sapienza\u201d di Roma ed \u00e8 entrato in carriera diplomatica nel 1967.\u00a0<\/span><\/p>\n<p><span style=\"font-weight: 400;\">Dopo una prima esperienza come Segretario di legazione in Messico, \u00e8 stato Console a Montreal e poi \u00e8 stato trasferito a Ginevra alla Rappresentanza Permanente presso le Organizzazioni Internazionali.\u00a0<\/span><\/p>\n<p><span style=\"font-weight: 400;\">Tornato a Roma, dopo un periodo al Servizio Stampa del Ministero degli Esteri \u00e8 posto fuori ruolo presso la Presidenza del Consiglio dei Ministri e quindi trasferito a Washington come Primo Consigliere per la Stampa.<\/span><\/p>\n<p><span style=\"font-weight: 400;\">Nel 1985 \u00e8 stato nominato Capo Ufficio Stampa alla Presidenza della Repubblica con il Presidente Francesco Cossiga, con il quale ha collaborato per l&rsquo;intero Settennato.\u00a0<\/span><\/p>\n<p><span style=\"font-weight: 400;\">Nel 1988 viene nominatoInviato Straordinario eMinistro plenipotenziario.<\/span><\/p>\n<p><span style=\"font-weight: 400;\">E\u2019 stato Ambasciatore a Lisbona dal 1992 al 1995\u00a0 e a Teheran dal 1995 al 2000.\u00a0<\/span><\/p>\n<p><span style=\"font-weight: 400;\">Rientrato al Ministero nel 2000, ha ricoperto l&rsquo;incarico di Direttore Generale per i Paesi delle Americhe e nel 2005 \u00e8 stato nominato Ambasciatore a Parigi,dove \u00e8 rimasto fino al marzo 2009.\u00a0<\/span><\/p>\n<p><span style=\"font-weight: 400;\">Il 2 giugno 2008 gli \u00e8 stata conferita l\u2019onorificenza diCavaliere di Gran Croce dell\u2019Ordine al Merito della Repubblica Italiana.\u00a0<\/span><\/p>\n<p><span style=\"font-weight: 400;\">Il 25 maggio2010 ha ricevuto dal Primo Ministro Francois Fillon le insegne di Commendatore della Legione d\u2019Onore.<\/span><\/p>\n<p><span style=\"font-weight: 400;\">Il 1\u00b0 luglio 2010 \u00e8 nominato Presidente di Arcus S.p.A., societ\u00e0 la cui missione \u00e8 il sostegno e il finanziamento di progetti riguardanti i beni e le attivit\u00e0 culturali anche nella loro connessione con le infrastrutture.\u00a0<\/span><\/p>\n<p><span style=\"font-weight: 400;\">Il 28 settembre 2011 assume la Presidenza dell\u2019Associazione Parchi e Giardini d\u2019Italia, costituita con finalit\u00e0 di tutela, conservazione, recupero, valorizzazione e promozione del patrimonio di parchie di giardini su tutto il territorio italiano.<\/span><\/p>\n<p><span style=\"font-weight: 400;\">Il 31 maggio 2012 \u00e8 nominato Presidente dell\u2019Associazione Amici dei Musei di Roma.\u00a0<\/span><\/p>\n<p><span style=\"font-weight: 400;\">Il 17 settembre 2012, con Decreto del Ministro per i Beni e le Attivit\u00e0 Culturali di concerto con il Ministro dell\u2019Economia e delle Finanze e del Ministro per le Infrastrutture ed i Trasporti, \u00e8 nominato Amministratore Unico della Arcus S.p.A.<\/span><\/p>\n<p><span style=\"font-weight: 400;\">Il 27 maggio 2013 \u00e8 nominato Vice Presidentedell\u2019Institut Europ\u00e9en des Jardins et Paysages di B\u00e9nouville.<\/span><\/p>\n<p><span style=\"font-weight: 400;\">Il 13 giugno 2013ha ricevuto l\u2019onorificenza di Officier de l\u2019OrdredesArts et desLettresdella Repubblica Francese.<\/span><\/p>\n","protected":false},"excerpt":{"rendered":"<p>Nato a Zara (Croazia) nel 1942, Ludovico Ortona si \u00e8 laureato in Giurisprudenza nel 1965 presso l\u2019Universit\u00e0\u00a0 \u201cLa Sapienza\u201d di Roma ed \u00e8 entrato in carriera diplomatica nel 1967.\u00a0 Dopo una prima esperienza come Segretario di legazione in Messico, \u00e8 stato Console a Montreal e poi \u00e8 stato trasferito a Ginevra alla Rappresentanza Permanente presso<a class=\"more-link\" href=\"https:\/\/www.nuovimecenati.org\/fr\/ludovico-ortona\/\">Continua<\/a><\/p>\n","protected":false},"author":18,"featured_media":20342,"comment_status":"closed","ping_status":"closed","sticky":false,"template":"","format":"standard","meta":{"_acf_changed":false,"footnotes":""},"categories":[105],"tags":[],"class_list":["post-20350","post","type-post","status-publish","format-standard","has-post-thumbnail","hentry","category-senza-categoria-fr"],"acf":[],"_links":{"self":[{"href":"https:\/\/www.nuovimecenati.org\/fr\/wp-json\/wp\/v2\/posts\/20350","targetHints":{"allow":["GET"]}}],"collection":[{"href":"https:\/\/www.nuovimecenati.org\/fr\/wp-json\/wp\/v2\/posts"}],"about":[{"href":"https:\/\/www.nuovimecenati.org\/fr\/wp-json\/wp\/v2\/types\/post"}],"author":[{"embeddable":true,"href":"https:\/\/www.nuovimecenati.org\/fr\/wp-json\/wp\/v2\/users\/18"}],"replies":[{"embeddable":true,"href":"https:\/\/www.nuovimecenati.org\/fr\/wp-json\/wp\/v2\/comments?post=20350"}],"version-history":[{"count":0,"href":"https:\/\/www.nuovimecenati.org\/fr\/wp-json\/wp\/v2\/posts\/20350\/revisions"}],"wp:featuredmedia":[{"embeddable":true,"href":"https:\/\/www.nuovimecenati.org\/fr\/wp-json\/wp\/v2\/media\/20342"}],"wp:attachment":[{"href":"https:\/\/www.nuovimecenati.org\/fr\/wp-json\/wp\/v2\/media?parent=20350"}],"wp:term":[{"taxonomy":"category","embeddable":true,"href":"https:\/\/www.nuovimecenati.org\/fr\/wp-json\/wp\/v2\/categories?post=20350"},{"taxonomy":"post_tag","embeddable":true,"href":"https:\/\/www.nuovimecenati.org\/fr\/wp-json\/wp\/v2\/tags?post=20350"}],"curies":[{"name":"wp","href":"https:\/\/api.w.org\/{rel}","templated":true}]}}