{"id":20340,"date":"2025-09-22T16:38:30","date_gmt":"2025-09-22T14:38:30","guid":{"rendered":"http:\/\/www.nuovimecenati.org\/?p=20340"},"modified":"2025-09-23T14:21:22","modified_gmt":"2025-09-23T12:21:22","slug":"ludovico-ortona-2","status":"publish","type":"post","link":"https:\/\/www.nuovimecenati.org\/fr\/ludovico-ortona-2\/","title":{"rendered":"Ludovico Ortona"},"content":{"rendered":"<p><span style=\"font-weight: 400;\">Ludovico Ortona, n\u00e9 \u00e0 Zara (Croatie) en 1942, se dipl\u00f4me en Droit en 1965 \u00e0 l\u2019Universit\u00e9 \u201cLa Sapienza\u201d de Rome et entreprend la carri\u00e8re diplomatique en 1967.\u00a0<\/span><\/p>\n<p><span style=\"font-weight: 400;\">Apr\u00e8s sa premi\u00e8re exp\u00e9rience comme Secr\u00e9taire de L\u00e9gation au Mexique, il est Consul \u00e0 Montr\u00e9al et travaille, par la suite, aupr\u00e8s de la Repr\u00e9sentation Permanente des Organisations Internationales \u00e0 Gen\u00e8ve.<\/span><\/p>\n<p><span style=\"font-weight: 400;\">Rentr\u00e9 \u00e0 Rome, apr\u00e8s une p\u00e9riode aupr\u00e8s du Bureau de Presse du Minist\u00e8re des Affaires \u00e9trang\u00e8res, il est d\u00e9tach\u00e9 aupr\u00e8s de la Pr\u00e9sidence du Conseil des Ministres et enfin transf\u00e9r\u00e9 \u00e0 Washington comme Premier Conseiller de Presse.<\/span><\/p>\n<p><span style=\"font-weight: 400;\">En 1985, il est d\u00e9sign\u00e9 Chef du Bureau de Presse \u00e0 la Pr\u00e9sidence de la R\u00e9publique aupr\u00e8s du Pr\u00e9sident Francesco Cossiga, avec lequel il collabore durant tout son septennat.<\/span><\/p>\n<p><span style=\"font-weight: 400;\">En 1988, il est nomm\u00e9 Envoy\u00e9 Extraordinaire et Ministre Pl\u00e9nipotentiaire.<\/span><\/p>\n<p><span style=\"font-weight: 400;\">Il est Ambassadeur \u00e0 Lisbonne de 1992 \u00e0 1995 et \u00e0 T\u00e9h\u00e9ran de 1995 \u00e0 2000.<\/span><\/p>\n<p><span style=\"font-weight: 400;\">Rentr\u00e9 au Minist\u00e8re en 2000, il recouvre la charge de Directeur G\u00e9n\u00e9ral pour les Am\u00e9riques et, en 2005, est nomm\u00e9 Ambassadeur \u00e0 Paris o\u00f9 il reste jusqu\u2019en 2009.<\/span><\/p>\n<p><span style=\"font-weight: 400;\">Le 2 juin 2008, on lui conf\u00e8re le titre de Chevalier de Gran Croce dans l\u2019Ordre du M\u00e9rite de la R\u00e9publique italienne.<\/span><\/p>\n<p><span style=\"font-weight: 400;\">Le 25 mai 2010 il est d\u00e9cor\u00e9 comme Commandeur de la L\u00e9gion d\u2019Honneur parle Premier Ministre, Fran\u00e7ois Fillon.\u00a0<\/span><\/p>\n<p><span style=\"font-weight: 400;\">Le 1<\/span><span style=\"font-weight: 400;\">er<\/span><span style=\"font-weight: 400;\">juillet2010, il est nomm\u00e9 Pr\u00e9sident d\u2019Arcus S.p.A., soci\u00e9t\u00e9 dont la mission est le soutien et le financement de projets li\u00e9s aux biens et aux activit\u00e9s culturelles ainsi qu\u2019aux infrastructures.\u00a0<\/span><\/p>\n<p><span style=\"font-weight: 400;\">Le 28 septembre 2011, il devient Pr\u00e9sident de l\u2019Associazione Parchi e Giardini d\u2019Italia, constitu\u00e9e pour la tutelle, la conservation, la r\u00e9cup\u00e9ration, la valorisation et la promotion du\u00a0 patrimoine des parcs et des jardins sur tout le territoire italien.<\/span><\/p>\n<p><span style=\"font-weight: 400;\">Le31 mai 2012, il est nomm\u00e9 Pr\u00e9sident de l\u2019Associazione Amici dei Musei di Roma.\u00a0<\/span><\/p>\n<p><span style=\"font-weight: 400;\">Le 17 septembre 2012, par D\u00e9cret du Ministre des Biens et des Activit\u00e9s Culturelles, en accord avec le Ministre de l\u2019Economie et des Finances et avec le Ministre pour les Infrastructures et les Transports, il est nomm\u00e9 Administrateur Unique d\u2019Arcus S.p.A.<\/span><\/p>\n<p><span style=\"font-weight: 400;\">Le 27 mai 2013, il est nomm\u00e9 Pr\u00e9sident Adjoint de l\u2019Institut Europ\u00e9en des Jardins et Paysages de B\u00e9nouville.<\/span><\/p>\n<p><span style=\"font-weight: 400;\">Le 13 juin 2013, il re\u00e7oit la d\u00e9coration d\u2019Officier de l\u2019Ordre des Arts et des Lettres de la R\u00e9publique fran\u00e7aise.<\/span><\/p>\n","protected":false},"excerpt":{"rendered":"<p>Ludovico Ortona, n\u00e9 \u00e0 Zara (Croatie) en 1942, se dipl\u00f4me en Droit en 1965 \u00e0 l\u2019Universit\u00e9 \u201cLa Sapienza\u201d de Rome et entreprend la carri\u00e8re diplomatique en 1967.\u00a0 Apr\u00e8s sa premi\u00e8re exp\u00e9rience comme Secr\u00e9taire de L\u00e9gation au Mexique, il est Consul \u00e0 Montr\u00e9al et travaille, par la suite, aupr\u00e8s de la Repr\u00e9sentation Permanente des Organisations Internationales<a class=\"more-link\" href=\"https:\/\/www.nuovimecenati.org\/fr\/ludovico-ortona-2\/\">Continua<\/a><\/p>\n","protected":false},"author":18,"featured_media":20341,"comment_status":"closed","ping_status":"closed","sticky":false,"template":"","format":"standard","meta":{"_acf_changed":false,"footnotes":""},"categories":[15],"tags":[],"class_list":["post-20340","post","type-post","status-publish","format-standard","has-post-thumbnail","hentry","category-senza-categoria"],"acf":[],"_links":{"self":[{"href":"https:\/\/www.nuovimecenati.org\/fr\/wp-json\/wp\/v2\/posts\/20340","targetHints":{"allow":["GET"]}}],"collection":[{"href":"https:\/\/www.nuovimecenati.org\/fr\/wp-json\/wp\/v2\/posts"}],"about":[{"href":"https:\/\/www.nuovimecenati.org\/fr\/wp-json\/wp\/v2\/types\/post"}],"author":[{"embeddable":true,"href":"https:\/\/www.nuovimecenati.org\/fr\/wp-json\/wp\/v2\/users\/18"}],"replies":[{"embeddable":true,"href":"https:\/\/www.nuovimecenati.org\/fr\/wp-json\/wp\/v2\/comments?post=20340"}],"version-history":[{"count":0,"href":"https:\/\/www.nuovimecenati.org\/fr\/wp-json\/wp\/v2\/posts\/20340\/revisions"}],"wp:featuredmedia":[{"embeddable":true,"href":"https:\/\/www.nuovimecenati.org\/fr\/wp-json\/wp\/v2\/media\/20341"}],"wp:attachment":[{"href":"https:\/\/www.nuovimecenati.org\/fr\/wp-json\/wp\/v2\/media?parent=20340"}],"wp:term":[{"taxonomy":"category","embeddable":true,"href":"https:\/\/www.nuovimecenati.org\/fr\/wp-json\/wp\/v2\/categories?post=20340"},{"taxonomy":"post_tag","embeddable":true,"href":"https:\/\/www.nuovimecenati.org\/fr\/wp-json\/wp\/v2\/tags?post=20340"}],"curies":[{"name":"wp","href":"https:\/\/api.w.org\/{rel}","templated":true}]}}