{"id":1503,"date":"2016-02-06T10:20:58","date_gmt":"2016-02-06T09:20:58","guid":{"rendered":"http:\/\/www.nuovimecenati.org\/?p=1503"},"modified":"2016-02-11T10:41:44","modified_gmt":"2016-02-11T09:41:44","slug":"linstinct-du-desequilibre-compagnie-ieto","status":"publish","type":"post","link":"https:\/\/www.nuovimecenati.org\/fr\/linstinct-du-desequilibre-compagnie-ieto\/","title":{"rendered":"L&rsquo;Instinct du d\u00e9s\u00e9quilibre &#8211; Compagnie IETO"},"content":{"rendered":"<p>CIRQUE<\/p>\n<div><b>4, 5, 6 MARS\u00a02016<\/b><\/div>\n<div><b>TEATRO VITTORIO EMANUELE DI MESSINA<\/b><\/div>\n<div><b>4 et 5 mars 21 h| 6 mars \u00e0 17h30<\/b><\/div>\n<div><\/div>\n<div>L&rsquo;incroyable succ\u00e8s de IETO, compagnie francaise IETO applaudie dans toute l&rsquo;Europe durant une tourn\u00e9e exceptionnelle de 300 spectacles en 3 ans et dans plus de 130 villes d&rsquo;Europe et du Japon.<\/div>\n<div>En 2008, la compagnie a re\u00e7u le Prix des Jeunes Talents du Cirque Europ\u00e9en.<\/div>\n<div><\/div>\n<div><strong><em>L\u2019instinct du d\u00e9s\u00e9quilibre<\/em><\/strong>, <strong>nouvelle cr\u00e9ation pr\u00e9sent\u00e9e en avant-premi\u00e8re \u00e0 Messine, <\/strong>parle d&rsquo;un monde suspendu dans lequel les survivants cherchent \u00e0 s&rsquo;attraper. Une histoire de mensonge et de d\u00e9s\u00e9quilibre, du \u00ab\u00a0vivre ensemble\u00a0\u00bb mais qui traite surtout au final de la solitude et de la survie : comment tester ses limites devient un jeu, comment le danger peut aussi devenir divertissant.<\/div>\n<div>La compagnie sera en r\u00e9sidence aupr\u00e8s du Th\u00e9atre de Messine du 21 f\u00e9vrier au 3 mars o\u00f9 elle\u00a0d\u00e9butera sa tourn\u00e9e europ\u00e9enne en avant premi\u00e8re du 4 au 6 mars.<\/div>\n<div>\n<p>Grace \u00e0 ce projet de r\u00e9sidence, soutenue par la Fondation Nuovi Mecenati, la compagnie aura aussi la possibilit\u00e9 de r\u00e9aliser un programme d&rsquo;activit\u00e9s : rencontres avec le public, laboratoires avec les \u00e9coles, qui permetta aux artistes d\u2019interagir et de rencontrer\u00a0la communaut\u00e9 locale.<\/p>\n<\/div>\n<p>&nbsp;<\/p>\n<p><a href=\"http:\/\/www.ieto.fr\/?page_id=19\">http:\/\/www.ieto.fr\/?page_id=19<\/a><\/p>\n","protected":false},"excerpt":{"rendered":"<p>CIRQUE 4, 5, 6 MARS\u00a02016 TEATRO VITTORIO EMANUELE DI MESSINA 4 et 5 mars 21 h| 6 mars \u00e0 17h30 L&rsquo;incroyable succ\u00e8s de IETO, compagnie francaise IETO applaudie dans toute l&rsquo;Europe durant une tourn\u00e9e exceptionnelle de 300 spectacles en 3 ans et dans plus de 130 villes d&rsquo;Europe et du Japon. En 2008, la compagnie<a class=\"more-link\" href=\"https:\/\/www.nuovimecenati.org\/fr\/linstinct-du-desequilibre-compagnie-ieto\/\">Continua<\/a><\/p>\n","protected":false},"author":81,"featured_media":1531,"comment_status":"closed","ping_status":"closed","sticky":false,"template":"","format":"standard","meta":{"_acf_changed":false,"footnotes":""},"categories":[28,106],"tags":[],"class_list":["post-1503","post","type-post","status-publish","format-standard","has-post-thumbnail","hentry","category-news","category-news-fr"],"acf":[],"_links":{"self":[{"href":"https:\/\/www.nuovimecenati.org\/fr\/wp-json\/wp\/v2\/posts\/1503","targetHints":{"allow":["GET"]}}],"collection":[{"href":"https:\/\/www.nuovimecenati.org\/fr\/wp-json\/wp\/v2\/posts"}],"about":[{"href":"https:\/\/www.nuovimecenati.org\/fr\/wp-json\/wp\/v2\/types\/post"}],"author":[{"embeddable":true,"href":"https:\/\/www.nuovimecenati.org\/fr\/wp-json\/wp\/v2\/users\/81"}],"replies":[{"embeddable":true,"href":"https:\/\/www.nuovimecenati.org\/fr\/wp-json\/wp\/v2\/comments?post=1503"}],"version-history":[{"count":0,"href":"https:\/\/www.nuovimecenati.org\/fr\/wp-json\/wp\/v2\/posts\/1503\/revisions"}],"wp:featuredmedia":[{"embeddable":true,"href":"https:\/\/www.nuovimecenati.org\/fr\/wp-json\/wp\/v2\/media\/1531"}],"wp:attachment":[{"href":"https:\/\/www.nuovimecenati.org\/fr\/wp-json\/wp\/v2\/media?parent=1503"}],"wp:term":[{"taxonomy":"category","embeddable":true,"href":"https:\/\/www.nuovimecenati.org\/fr\/wp-json\/wp\/v2\/categories?post=1503"},{"taxonomy":"post_tag","embeddable":true,"href":"https:\/\/www.nuovimecenati.org\/fr\/wp-json\/wp\/v2\/tags?post=1503"}],"curies":[{"name":"wp","href":"https:\/\/api.w.org\/{rel}","templated":true}]}}