{"id":1456,"date":"2016-02-03T11:42:31","date_gmt":"2016-02-03T10:42:31","guid":{"rendered":"http:\/\/www.nuovimecenati.org\/?p=1456"},"modified":"2023-03-16T10:25:18","modified_gmt":"2023-03-16T09:25:18","slug":"viviana-caslini","status":"publish","type":"post","link":"https:\/\/www.nuovimecenati.org\/fr\/viviana-caslini\/","title":{"rendered":"Viviana Caslini"},"content":{"rendered":"<p><a href=\"https:\/\/www.nuovimecenati.org\/fr\/cartier\/\">Cartier<\/a><\/p>\n<p>N\u00e9e en 1970 \u00e0 C\u00f4me, Viviana Caslini est aujourd\u2019hui membre du Comit\u00e9 Ex\u00e9cutif de Cartier \u2013 Europe du Sud-Est.<\/p>\n<p>Apr\u00e8s un dipl\u00f4me universitaire en Business Administration \u00e0 la Bocconi de Milan, elle effectue un trimestre de MBA \u00e0 la Carlson School of Management de Minneapolis (USA).<\/p>\n<p>Viviana Caslini a d\u2019abord travaill\u00e9 pendant 15 ans en tant que Public relations, Marketing &amp; Communication Manager au sein de diverses entreprises italiennes de design. Elle entre chez Cartier Italy en 2009, d\u2019abord en tant que Directrice de la communication au sein du d\u00e9partement South East Europe, o\u00f9 elle est en charge du plan strat\u00e9gique et budget de communication, de la strat\u00e9gie m\u00e9dias\/presse et de la transformation digitale.<\/p>\n<p>A pr\u00e9sent Directrice Arts&amp;Culture de Cartier, elle g\u00e8re les relations institutionnelles et les initiatives culturelles et \u00e9thiques s\u2019inscrivant dans la strat\u00e9gie de la marque.<br \/>\nElle a collabor\u00e9 \u00e0 la r\u00e9alisation du projet entre la Fondation Cartier pour l\u2019Art Contemporain et la Triennale di Milano, lanc\u00e9 en octobre 2020 \u00e0 Milan, et guide maintenant la collaboration entre la Triennale, la Fondation Cartier et Cartier International.<\/p>\n<p>Elle ma\u00eetrise, en plus de l\u2019italien, l\u2019anglais et le fran\u00e7ais.<\/p>\n<p>Elle se d\u00e9crit comme une personne curieuse et cr\u00e9ative, dont l\u2019esprit de collaboration et de d\u00e9cision est au c\u0153ur de sa gestion des relations interpersonnelles.<\/p>\n","protected":false},"excerpt":{"rendered":"<p>Cartier N\u00e9e en 1970 \u00e0 C\u00f4me, Viviana Caslini est aujourd\u2019hui membre du Comit\u00e9 Ex\u00e9cutif de Cartier \u2013 Europe du Sud-Est. Apr\u00e8s un dipl\u00f4me universitaire en Business Administration \u00e0 la Bocconi de Milan, elle effectue un trimestre de MBA \u00e0 la Carlson School of Management de Minneapolis (USA). Viviana Caslini a d\u2019abord travaill\u00e9 pendant 15 ans<a class=\"more-link\" href=\"https:\/\/www.nuovimecenati.org\/fr\/viviana-caslini\/\">Continua<\/a><\/p>\n","protected":false},"author":81,"featured_media":9548,"comment_status":"closed","ping_status":"closed","sticky":false,"template":"","format":"standard","meta":{"_acf_changed":false,"footnotes":""},"categories":[15],"tags":[],"class_list":["post-1456","post","type-post","status-publish","format-standard","has-post-thumbnail","hentry","category-senza-categoria"],"acf":[],"_links":{"self":[{"href":"https:\/\/www.nuovimecenati.org\/fr\/wp-json\/wp\/v2\/posts\/1456","targetHints":{"allow":["GET"]}}],"collection":[{"href":"https:\/\/www.nuovimecenati.org\/fr\/wp-json\/wp\/v2\/posts"}],"about":[{"href":"https:\/\/www.nuovimecenati.org\/fr\/wp-json\/wp\/v2\/types\/post"}],"author":[{"embeddable":true,"href":"https:\/\/www.nuovimecenati.org\/fr\/wp-json\/wp\/v2\/users\/81"}],"replies":[{"embeddable":true,"href":"https:\/\/www.nuovimecenati.org\/fr\/wp-json\/wp\/v2\/comments?post=1456"}],"version-history":[{"count":0,"href":"https:\/\/www.nuovimecenati.org\/fr\/wp-json\/wp\/v2\/posts\/1456\/revisions"}],"wp:featuredmedia":[{"embeddable":true,"href":"https:\/\/www.nuovimecenati.org\/fr\/wp-json\/wp\/v2\/media\/9548"}],"wp:attachment":[{"href":"https:\/\/www.nuovimecenati.org\/fr\/wp-json\/wp\/v2\/media?parent=1456"}],"wp:term":[{"taxonomy":"category","embeddable":true,"href":"https:\/\/www.nuovimecenati.org\/fr\/wp-json\/wp\/v2\/categories?post=1456"},{"taxonomy":"post_tag","embeddable":true,"href":"https:\/\/www.nuovimecenati.org\/fr\/wp-json\/wp\/v2\/tags?post=1456"}],"curies":[{"name":"wp","href":"https:\/\/api.w.org\/{rel}","templated":true}]}}